{"id":7660,"date":"2024-10-03T20:00:25","date_gmt":"2024-10-03T18:00:25","guid":{"rendered":"https:\/\/www.dagartech.com\/pt\/?p=7660"},"modified":"2024-12-12T20:06:07","modified_gmt":"2024-12-12T19:06:07","slug":"racoes-grupo-gerador-por-medida","status":"publish","type":"post","link":"https:\/\/www.dagartech.com\/pt\/actualidad\/racoes-grupo-gerador-por-medida\/","title":{"rendered":"5 raz\u00f5es para escolher um grupo gerador personalizado"},"content":{"rendered":"<div id=\"ez-toc-container\" class=\"ez-toc-v2_0_68_1 counter-hierarchy ez-toc-counter ez-toc-grey ez-toc-container-direction\">\n<div class=\"ez-toc-title-container\">\n<p class=\"ez-toc-title \" >Index<\/p>\n<span class=\"ez-toc-title-toggle\"><a href=\"#\" class=\"ez-toc-pull-right ez-toc-btn ez-toc-btn-xs ez-toc-btn-default ez-toc-toggle\" aria-label=\"Toggle Table of Content\"><span class=\"ez-toc-js-icon-con\"><span class=\"\"><span class=\"eztoc-hide\" style=\"display:none;\">Toggle<\/span><span class=\"ez-toc-icon-toggle-span\"><svg style=\"fill: #999;color:#999\" xmlns=\"http:\/\/www.w3.org\/2000\/svg\" class=\"list-377408\" width=\"20px\" height=\"20px\" viewBox=\"0 0 24 24\" fill=\"none\"><path d=\"M6 6H4v2h2V6zm14 0H8v2h12V6zM4 11h2v2H4v-2zm16 0H8v2h12v-2zM4 16h2v2H4v-2zm16 0H8v2h12v-2z\" fill=\"currentColor\"><\/path><\/svg><svg style=\"fill: #999;color:#999\" class=\"arrow-unsorted-368013\" xmlns=\"http:\/\/www.w3.org\/2000\/svg\" width=\"10px\" height=\"10px\" viewBox=\"0 0 24 24\" version=\"1.2\" baseProfile=\"tiny\"><path d=\"M18.2 9.3l-6.2-6.3-6.2 6.3c-.2.2-.3.4-.3.7s.1.5.3.7c.2.2.4.3.7.3h11c.3 0 .5-.1.7-.3.2-.2.3-.5.3-.7s-.1-.5-.3-.7zM5.8 14.7l6.2 6.3 6.2-6.3c.2-.2.3-.5.3-.7s-.1-.5-.3-.7c-.2-.2-.4-.3-.7-.3h-11c-.3 0-.5.1-.7.3-.2.2-.3.5-.3.7s.1.5.3.7z\"\/><\/svg><\/span><\/span><\/span><\/a><\/span><\/div>\n<nav><ul class='ez-toc-list ez-toc-list-level-1 ' ><li class='ez-toc-page-1 ez-toc-heading-level-2'><a class=\"ez-toc-link ez-toc-heading-1\" href=\"https:\/\/www.dagartech.com\/pt\/actualidad\/racoes-grupo-gerador-por-medida\/#Adaptacao_a_necessidades_especificas_de_potencia\" title=\"Adapta\u00e7\u00e3o a necessidades espec\u00edficas de pot\u00eancia\">Adapta\u00e7\u00e3o a necessidades espec\u00edficas de pot\u00eancia<\/a><ul class='ez-toc-list-level-3' ><li class='ez-toc-heading-level-3'><a class=\"ez-toc-link ez-toc-heading-2\" href=\"https:\/\/www.dagartech.com\/pt\/actualidad\/racoes-grupo-gerador-por-medida\/#Solucoes_sob_medida_para_projetos_com_altos_requisitos_de_potencia\" title=\"Solu\u00e7\u00f5es sob medida para projetos com altos requisitos de pot\u00eancia\">Solu\u00e7\u00f5es sob medida para projetos com altos requisitos de pot\u00eancia<\/a><\/li><\/ul><\/li><li class='ez-toc-page-1 ez-toc-heading-level-2'><a class=\"ez-toc-link ez-toc-heading-3\" href=\"https:\/\/www.dagartech.com\/pt\/actualidad\/racoes-grupo-gerador-por-medida\/#Ambientes_e_condicoes_operativas_especiais\" title=\"Ambientes e condi\u00e7\u00f5es operativas especiais\">Ambientes e condi\u00e7\u00f5es operativas especiais<\/a><ul class='ez-toc-list-level-3' ><li class='ez-toc-heading-level-3'><a class=\"ez-toc-link ez-toc-heading-4\" href=\"https:\/\/www.dagartech.com\/pt\/actualidad\/racoes-grupo-gerador-por-medida\/#Resistencia_em_condicoes_extremas\" title=\"Resist\u00eancia em condi\u00e7\u00f5es extremas\">Resist\u00eancia em condi\u00e7\u00f5es extremas<\/a><\/li><li class='ez-toc-page-1 ez-toc-heading-level-3'><a class=\"ez-toc-link ez-toc-heading-5\" href=\"https:\/\/www.dagartech.com\/pt\/actualidad\/racoes-grupo-gerador-por-medida\/#Funcionamento_em_areas_remotas_ou_sem_infraestrutura_eletrica\" title=\"Funcionamento em \u00e1reas remotas ou sem infraestrutura el\u00e9trica\">Funcionamento em \u00e1reas remotas ou sem infraestrutura el\u00e9trica<\/a><\/li><\/ul><\/li><li class='ez-toc-page-1 ez-toc-heading-level-2'><a class=\"ez-toc-link ez-toc-heading-6\" href=\"https:\/\/www.dagartech.com\/pt\/actualidad\/racoes-grupo-gerador-por-medida\/#Solucoes_de_espaco_e_design_personalizado\" title=\"Solu\u00e7\u00f5es de espa\u00e7o e design personalizado\">Solu\u00e7\u00f5es de espa\u00e7o e design personalizado<\/a><ul class='ez-toc-list-level-3' ><li class='ez-toc-heading-level-3'><a class=\"ez-toc-link ez-toc-heading-7\" href=\"https:\/\/www.dagartech.com\/pt\/actualidad\/racoes-grupo-gerador-por-medida\/#Geradores_compactos_para_espacos_reduzidos\" title=\"Geradores compactos para espa\u00e7os reduzidos\">Geradores compactos para espa\u00e7os reduzidos<\/a><\/li><li class='ez-toc-page-1 ez-toc-heading-level-3'><a class=\"ez-toc-link ez-toc-heading-8\" href=\"https:\/\/www.dagartech.com\/pt\/actualidad\/racoes-grupo-gerador-por-medida\/#Design_e_configuracao_adaptados_as_circunstancias_do_ambiente\" title=\"Design e configura\u00e7\u00e3o adaptados \u00e0s circunst\u00e2ncias do ambiente\">Design e configura\u00e7\u00e3o adaptados \u00e0s circunst\u00e2ncias do ambiente<\/a><\/li><\/ul><\/li><li class='ez-toc-page-1 ez-toc-heading-level-2'><a class=\"ez-toc-link ez-toc-heading-9\" href=\"https:\/\/www.dagartech.com\/pt\/actualidad\/racoes-grupo-gerador-por-medida\/#Cumprimento_de_normativas_e_requisitos_de_sustentabilidade\" title=\"Cumprimento de normativas e requisitos de sustentabilidade\">Cumprimento de normativas e requisitos de sustentabilidade<\/a><ul class='ez-toc-list-level-3' ><li class='ez-toc-heading-level-3'><a class=\"ez-toc-link ez-toc-heading-10\" href=\"https:\/\/www.dagartech.com\/pt\/actualidad\/racoes-grupo-gerador-por-medida\/#Grupos_geradores_sob_medida_uma_decisao_estrategica\" title=\"Grupos geradores sob medida: uma decis\u00e3o estrat\u00e9gica\">Grupos geradores sob medida: uma decis\u00e3o estrat\u00e9gica<\/a><\/li><\/ul><\/li><\/ul><\/nav><\/div>\n<ul>\n<li>Avan\u00e7amos para um cen\u00e1rio em que cada vez mais se exigem <b>solu\u00e7\u00f5es mais complexas e espec\u00edficas<\/b>; projetos nos quais a singularidade da aplica\u00e7\u00e3o cria uma senda de oportunidades para solu\u00e7\u00f5es cada vez mais avan\u00e7adas e sofisticadas.<\/li>\n<li>Neste contexto, partir de grupos geradores padr\u00e3o para tentar cobrir as necessidades de todo um espectro de aplica\u00e7\u00f5es n\u00e3o parece ser a melhor op\u00e7\u00e3o, al\u00e9m de utiliza\u00e7\u00f5es de emerg\u00eancia de baixo n\u00edvel.<span>Compartilhar de forma detalhada as necessidades da instala\u00e7\u00e3o e optar por fabricantes especializados na fabrica\u00e7\u00e3o sob medida n\u00e3o s\u00f3 permitir\u00e1 abordar essas necessidades de forma muito mais eficaz e completa, mas tamb\u00e9m nos permitir\u00e1 chegar a <\/span><b>solu\u00e7\u00f5es mais inteligentes e otimizadas<\/b><span>, evitando excessos no fornecimento.<\/span><\/li>\n<\/ul>\n<div class=\"section\">\n<div class=\"layoutArea\">\n<div class=\"column\">\n<p><span >Neste artigo, vamos revisar os cinco aspectos chave que tornam a <\/span><a href=\"https:\/\/www.dagartech.com\/pt\/atualidade\/dagartech-personalizacao-de-geradores-de-energia\"><b>personaliza\u00e7\u00e3o de grupos geradores<\/b><\/a><span > a melhor op\u00e7\u00e3o para enfrentar com solidez os seus projetos energ\u00e9ticos. <\/span><\/p>\n<h2><span class=\"ez-toc-section\" id=\"Adaptacao_a_necessidades_especificas_de_potencia\"><\/span>Adapta\u00e7\u00e3o a necessidades espec\u00edficas de pot\u00eancia<span class=\"ez-toc-section-end\"><\/span><\/h2>\n<p><span >Um dos aspectos chave \u00e9 realizar um <\/span><b>dimensionamento correto<\/b><span > das necessidades energ\u00e9ticas da instala\u00e7\u00e3o, levando em considera\u00e7\u00e3o quais cargas est\u00e3o presentes e qual \u00e9 a sua natureza. Falamos de picos de arranque ou picos de demanda que o grupo gerador sob medida ter\u00e1 de cobrir, e que tamb\u00e9m dar\u00e3o pistas sobre a amplitude do fornecimento necess\u00e1rio para atend\u00ea-los com estabilidade e sem flutua\u00e7\u00f5es.<\/span><\/p>\n<h3><span class=\"ez-toc-section\" id=\"Solucoes_sob_medida_para_projetos_com_altos_requisitos_de_potencia\"><\/span><strong>Solu\u00e7\u00f5es sob medida para projetos com altos requisitos de pot\u00eancia<\/strong><span class=\"ez-toc-section-end\"><\/span><\/h3>\n<p><span >Al\u00e9m de realizar esse dimensionamento correto, antecipar cen\u00e1rios futuros favorecer\u00e1 que o fabricante nos oriente sobre a melhor maneira de abord\u00e1-los. Por exemplo, podemos planejar <\/span><b>solu\u00e7\u00f5es escal\u00e1veis<\/b><span > que podem incorporar <\/span><a href=\"https:\/\/www.dagartech.com\/pt\/grupos-geradores\/por-medida\/\"><span >grupos geradores por medida<\/span><\/a><span > \u00e0 medida que a demanda de energia crescer. Dessa forma, podemos reduzir o investimento inicial e adapt\u00e1-lo \u00e0s necessidades atuais, pensando no futuro.<\/span><\/p>\n<h2><span class=\"ez-toc-section\" id=\"Ambientes_e_condicoes_operativas_especiais\"><\/span>Ambientes e condi\u00e7\u00f5es operativas especiais<span class=\"ez-toc-section-end\"><\/span><\/h2>\n<p><span >Nem todos os projetos se desenvolvem em condi\u00e7\u00f5es ideais. Muitas vezes, os ambientes de uso s\u00e3o desafiadores e podem afetar diretamente a vida \u00fatil do grupo gerador; climas extremos, altas condi\u00e7\u00f5es de umidade ou \u00e1reas isoladas que dificultam o controle do equipamento s\u00e3o algumas das circunst\u00e2ncias mais representativas.<\/span><\/p>\n<h3><span class=\"ez-toc-section\" id=\"Resistencia_em_condicoes_extremas\"><\/span><b>Resist\u00eancia em condi\u00e7\u00f5es extremas<\/b><span class=\"ez-toc-section-end\"><\/span><\/h3>\n<p><span >Os <\/span><b>grupos geradores sob medida<\/b><span > podem ser projetados para enfrentar condi\u00e7\u00f5es especialmente adversas, como, por exemplo, <\/span><b>ambientes com alta umidade <\/b><span >que podem promover a corros\u00e3o das cabines e bancadas. Neste sentido, a aplica\u00e7\u00e3o de <\/span><b>tratamentos superficiais especiais<\/b><span > ou a instala\u00e7\u00e3o de alternadores com resist\u00eancias anti-condensa\u00e7\u00e3o favorecem que o grupo gerador permane\u00e7a nas melhores condi\u00e7\u00f5es para a sua utiliza\u00e7\u00e3o. <\/span><br \/>\n<span >Por sua vez, a <\/span><b>presen\u00e7a de poeira<\/b><span > pode ser combatida com filtros especiais, como os conhecidos <\/span><b>filtros heavy duty<\/b><span >. Com eles, podemos enfrentar a poeira, areia e outras part\u00edculas abrasivas que afetariam o desempenho do grupo gerador.<\/span><\/p>\n<h3><span class=\"ez-toc-section\" id=\"Funcionamento_em_areas_remotas_ou_sem_infraestrutura_eletrica\"><\/span><strong>Funcionamento em \u00e1reas remotas ou sem infraestrutura el\u00e9trica<\/strong><span class=\"ez-toc-section-end\"><\/span><\/h3>\n<p><span >Em <\/span><b>ambientes remotos<\/b><span > ou em \u00e1reas sem infraestrutura el\u00e9trica desenvolvida, facilitar a monitoriza\u00e7\u00e3o e gest\u00e3o dos grupos geradores \u00e0 dist\u00e2ncia torna-se uma necessidade. Para abordar esses cen\u00e1rios, dispomos de m\u00f3dulos de comunica\u00e7\u00e3o que podemos incluir no nosso <\/span><b>grupo gerador sob medida<\/b><span >, permitindo a monitoriza\u00e7\u00e3o remota atrav\u00e9s de ambientes web e redes m\u00f3veis, proporcionando acesso a dados em tempo real e alertas cr\u00edticos de qualquer local. A integra\u00e7\u00e3o de tecnologias de comunica\u00e7\u00e3o como GSM, GPRS e Ethernet garante que os operadores possam gerir e otimizar o funcionamento do grupo gerador, mesmo em \u00e1reas isoladas. Isso n\u00e3o s\u00f3 melhora a efici\u00eancia operacional, mas tamb\u00e9m assegura uma resposta r\u00e1pida a qualquer eventualidade, mantendo a continuidade do fornecimento el\u00e9trico em locais onde a infraestrutura \u00e9 limitada ou inexistente.<\/span><\/p>\n<h2><span class=\"ez-toc-section\" id=\"Solucoes_de_espaco_e_design_personalizado\"><\/span>Solu\u00e7\u00f5es de espa\u00e7o e design personalizado<span class=\"ez-toc-section-end\"><\/span><\/h2>\n<p><span >Nem todos os projetos disp\u00f5em do mesmo espa\u00e7o f\u00edsico para a instala\u00e7\u00e3o dos equipamentos. \u00c9 aqui que o design personalizado ganha especial relev\u00e2ncia.<\/span><\/p>\n<h3><span class=\"ez-toc-section\" id=\"Geradores_compactos_para_espacos_reduzidos\"><\/span><strong>Geradores compactos para espa\u00e7os reduzidos<\/strong><span class=\"ez-toc-section-end\"><\/span><\/h3>\n<p><span >Os <\/span><b>grupos geradores sob medida<\/b><span > permitem adapta\u00e7\u00f5es completas no seu design, de modo que podem ser ajustados a poss\u00edveis restri\u00e7\u00f5es de espa\u00e7o ou facilitar o processo de manuseio at\u00e9 o local de instala\u00e7\u00e3o. Na Dagartech trabalhamos intensamente no desenvolvimento de <\/span><b>solu\u00e7\u00f5es compactas<\/b><span > sem comprometer o desempenho da m\u00e1quina ou afetar o n\u00edvel de ru\u00eddo.<\/span><\/p>\n<h3><span class=\"ez-toc-section\" id=\"Design_e_configuracao_adaptados_as_circunstancias_do_ambiente\"><\/span><strong>Design e configura\u00e7\u00e3o adaptados \u00e0s circunst\u00e2ncias do ambiente<\/strong><span class=\"ez-toc-section-end\"><\/span><\/h3>\n<p><span >Quando os grupos geradores v\u00e3o entrar em contato com pessoas, \u00e9 fundamental garantir as <\/span><b>condi\u00e7\u00f5es de seguran\u00e7a e sa\u00fade<\/b><span >. Nesse sentido, optar por grupos geradores sob medida nos permitir\u00e1 desenvolver <\/span><b>solu\u00e7\u00f5es especiais de insonoriza\u00e7\u00e3o<\/b><span >.<\/span><\/p>\n<h2><span class=\"ez-toc-section\" id=\"Cumprimento_de_normativas_e_requisitos_de_sustentabilidade\"><\/span>Cumprimento de normativas e requisitos de sustentabilidade<span class=\"ez-toc-section-end\"><\/span><\/h2>\n<p><span >A aplica\u00e7\u00e3o de destino da m\u00e1quina ou at\u00e9 a localiza\u00e7\u00e3o espec\u00edfica do grupo gerador pode implicar, por si s\u00f3, a necessidade de <\/span><b>cumprir rigorosamente com diretivas ou regulamentos<\/b><span > que imp\u00f5em restri\u00e7\u00f5es em rela\u00e7\u00e3o \u00e0s emiss\u00f5es de gases na atmosfera. Tanto que, em determinadas circunst\u00e2ncias, este ser\u00e1 o primeiro crit\u00e9rio de design do grupo gerador sob medida.<\/span><\/p>\n<h3><span class=\"ez-toc-section\" id=\"Grupos_geradores_sob_medida_uma_decisao_estrategica\"><\/span><strong>Grupos geradores sob medida: uma decis\u00e3o estrat\u00e9gica<\/strong><span class=\"ez-toc-section-end\"><\/span><\/h3>\n<p><span >Escolher um <\/span><b>grupo gerador sob medida<\/b><span > \u00e9 uma decis\u00e3o inteligente para projetos que exigem <\/span><b>solu\u00e7\u00f5es espec\u00edficas de alto n\u00edvel<\/b><span >. Desde a adapta\u00e7\u00e3o a restri\u00e7\u00f5es de espa\u00e7o at\u00e9 o cumprimento de normativas ambientais rigorosas, um gerador personalizado permitir\u00e1 oferecer solu\u00e7\u00f5es otimizadas e que maximizem a durabilidade do equipamento, ao responder de forma concreta \u00e0s necessidades para as quais foi concebido.<\/span><\/p>\n<\/div>\n<\/div>\n<\/div>\n","protected":false},"excerpt":{"rendered":"<p>Descubra 5 raz\u00f5es para escolher um gerador personalizado. Melhore a efici\u00eancia e flexibilidade do seu projeto sob medida.<\/p>\n","protected":false},"author":8,"featured_media":7677,"comment_status":"open","ping_status":"open","sticky":false,"template":"","format":"standard","meta":{"_acf_changed":false,"footnotes":""},"categories":[290],"tags":[289],"class_list":["post-7660","post","type-post","status-publish","format-standard","has-post-thumbnail","hentry","category-artigo-tecnico","tag-solucoes-energeticas-a-medida"],"acf":[],"yoast_head":"<!-- This site is optimized with the Yoast SEO plugin v23.1 - https:\/\/yoast.com\/wordpress\/plugins\/seo\/ -->\n<title>Por que escolher um grupo gerador personalizado | Dagartech<\/title>\n<meta name=\"description\" content=\"Descobre 5 raz\u00f5es chave para escolher um grupo gerador personalizado. Aumente a efici\u00eancia e a flexibilidade do seu projeto sob medida.\" \/>\n<meta name=\"robots\" content=\"index, follow, max-snippet:-1, max-image-preview:large, max-video-preview:-1\" \/>\n<link rel=\"canonical\" href=\"https:\/\/www.dagartech.com\/pt\/actualidad\/racoes-grupo-gerador-por-medida\/\" \/>\n<meta property=\"og:locale\" content=\"pt_PT\" \/>\n<meta property=\"og:type\" content=\"article\" \/>\n<meta property=\"og:title\" content=\"Por que escolher um grupo gerador personalizado | Dagartech\" \/>\n<meta property=\"og:description\" content=\"Descobre 5 raz\u00f5es chave para escolher um grupo gerador personalizado. Aumente a efici\u00eancia e a flexibilidade do seu projeto sob medida.\" \/>\n<meta property=\"og:url\" content=\"https:\/\/www.dagartech.com\/pt\/actualidad\/racoes-grupo-gerador-por-medida\/\" \/>\n<meta property=\"og:site_name\" content=\"Dagartech PT\" \/>\n<meta property=\"article:publisher\" content=\"https:\/\/www.facebook.com\/dagartech\/\" \/>\n<meta property=\"article:published_time\" content=\"2024-10-03T18:00:25+00:00\" \/>\n<meta property=\"article:modified_time\" content=\"2024-12-12T19:06:07+00:00\" \/>\n<meta property=\"og:image\" content=\"https:\/\/www.dagartech.com\/pt\/wp-content\/uploads\/sites\/6\/2024\/12\/Dagartech_Grupos-electrogenos-personalizados.png\" \/>\n\t<meta property=\"og:image:width\" content=\"950\" \/>\n\t<meta property=\"og:image:height\" content=\"1513\" \/>\n\t<meta property=\"og:image:type\" content=\"image\/png\" \/>\n<meta name=\"author\" content=\"iroyo\" \/>\n<meta name=\"twitter:card\" content=\"summary_large_image\" \/>\n<meta name=\"twitter:creator\" content=\"@dagartech\" \/>\n<meta name=\"twitter:site\" content=\"@dagartech\" \/>\n<meta name=\"twitter:label1\" content=\"Escrito por\" \/>\n\t<meta name=\"twitter:data1\" content=\"iroyo\" \/>\n\t<meta name=\"twitter:label2\" content=\"Tempo estimado de leitura\" \/>\n\t<meta name=\"twitter:data2\" content=\"5 minutos\" \/>\n<script type=\"application\/ld+json\" class=\"yoast-schema-graph\">{\"@context\":\"https:\/\/schema.org\",\"@graph\":[{\"@type\":[\"WebPage\",\"ItemPage\"],\"@id\":\"https:\/\/www.dagartech.com\/pt\/actualidad\/racoes-grupo-gerador-por-medida\/\",\"url\":\"https:\/\/www.dagartech.com\/pt\/actualidad\/racoes-grupo-gerador-por-medida\/\",\"name\":\"Por que escolher um grupo gerador personalizado | Dagartech\",\"isPartOf\":{\"@id\":\"https:\/\/www.dagartech.com\/pt\/#website\"},\"primaryImageOfPage\":{\"@id\":\"https:\/\/www.dagartech.com\/pt\/actualidad\/racoes-grupo-gerador-por-medida\/#primaryimage\"},\"image\":{\"@id\":\"https:\/\/www.dagartech.com\/pt\/actualidad\/racoes-grupo-gerador-por-medida\/#primaryimage\"},\"thumbnailUrl\":\"https:\/\/www.dagartech.com\/pt\/wp-content\/uploads\/sites\/6\/2024\/12\/Dagartech_Grupos-electrogenos-personalizados.png\",\"datePublished\":\"2024-10-03T18:00:25+00:00\",\"dateModified\":\"2024-12-12T19:06:07+00:00\",\"author\":{\"@id\":\"https:\/\/www.dagartech.com\/pt\/#\/schema\/person\/e56ff9c257c0eb9a5d84334a7798a39e\"},\"description\":\"Descobre 5 raz\u00f5es chave para escolher um grupo gerador personalizado. Aumente a efici\u00eancia e a flexibilidade do seu projeto sob medida.\",\"breadcrumb\":{\"@id\":\"https:\/\/www.dagartech.com\/pt\/actualidad\/racoes-grupo-gerador-por-medida\/#breadcrumb\"},\"inLanguage\":\"pt-PT\",\"potentialAction\":[{\"@type\":\"ReadAction\",\"target\":[\"https:\/\/www.dagartech.com\/pt\/actualidad\/racoes-grupo-gerador-por-medida\/\"]}]},{\"@type\":\"ImageObject\",\"inLanguage\":\"pt-PT\",\"@id\":\"https:\/\/www.dagartech.com\/pt\/actualidad\/racoes-grupo-gerador-por-medida\/#primaryimage\",\"url\":\"https:\/\/www.dagartech.com\/pt\/wp-content\/uploads\/sites\/6\/2024\/12\/Dagartech_Grupos-electrogenos-personalizados.png\",\"contentUrl\":\"https:\/\/www.dagartech.com\/pt\/wp-content\/uploads\/sites\/6\/2024\/12\/Dagartech_Grupos-electrogenos-personalizados.png\",\"width\":950,\"height\":1513,\"caption\":\"Grupos geradores por medida\"},{\"@type\":\"BreadcrumbList\",\"@id\":\"https:\/\/www.dagartech.com\/pt\/actualidad\/racoes-grupo-gerador-por-medida\/#breadcrumb\",\"itemListElement\":[{\"@type\":\"ListItem\",\"position\":1,\"name\":\"Portada\",\"item\":\"https:\/\/www.dagartech.com\/pt\/\"},{\"@type\":\"ListItem\",\"position\":2,\"name\":\"5 raz\u00f5es para escolher um grupo gerador personalizado\"}]},{\"@type\":\"WebSite\",\"@id\":\"https:\/\/www.dagartech.com\/pt\/#website\",\"url\":\"https:\/\/www.dagartech.com\/pt\/\",\"name\":\"Dagartech\",\"description\":\"Somos fabricantes de Grupos Electr\u00f3genos. M\u00e1ximos est\u00e1ndares de Calidad. Elevada Fiabilidad y Seguridad. Nos adaptamos a las necesidades de cada proyecto.\",\"potentialAction\":[{\"@type\":\"SearchAction\",\"target\":{\"@type\":\"EntryPoint\",\"urlTemplate\":\"https:\/\/www.dagartech.com\/pt\/?s={search_term_string}\"},\"query-input\":\"required name=search_term_string\"}],\"inLanguage\":\"pt-PT\"},{\"@type\":\"Person\",\"@id\":\"https:\/\/www.dagartech.com\/pt\/#\/schema\/person\/e56ff9c257c0eb9a5d84334a7798a39e\",\"name\":\"iroyo\",\"image\":{\"@type\":\"ImageObject\",\"inLanguage\":\"pt-PT\",\"@id\":\"https:\/\/www.dagartech.com\/pt\/#\/schema\/person\/image\/\",\"url\":\"https:\/\/secure.gravatar.com\/avatar\/fde49a271e09dc9daebd217d87143f31?s=96&d=mm&r=g\",\"contentUrl\":\"https:\/\/secure.gravatar.com\/avatar\/fde49a271e09dc9daebd217d87143f31?s=96&d=mm&r=g\",\"caption\":\"iroyo\"},\"sameAs\":[\"http:\/\/www.dagartech.com\"]}]}<\/script>\n<!-- \/ Yoast SEO plugin. -->","yoast_head_json":{"title":"Por que escolher um grupo gerador personalizado | Dagartech","description":"Descobre 5 raz\u00f5es chave para escolher um grupo gerador personalizado. Aumente a efici\u00eancia e a flexibilidade do seu projeto sob medida.","robots":{"index":"index","follow":"follow","max-snippet":"max-snippet:-1","max-image-preview":"max-image-preview:large","max-video-preview":"max-video-preview:-1"},"canonical":"https:\/\/www.dagartech.com\/pt\/actualidad\/racoes-grupo-gerador-por-medida\/","og_locale":"pt_PT","og_type":"article","og_title":"Por que escolher um grupo gerador personalizado | Dagartech","og_description":"Descobre 5 raz\u00f5es chave para escolher um grupo gerador personalizado. Aumente a efici\u00eancia e a flexibilidade do seu projeto sob medida.","og_url":"https:\/\/www.dagartech.com\/pt\/actualidad\/racoes-grupo-gerador-por-medida\/","og_site_name":"Dagartech PT","article_publisher":"https:\/\/www.facebook.com\/dagartech\/","article_published_time":"2024-10-03T18:00:25+00:00","article_modified_time":"2024-12-12T19:06:07+00:00","og_image":[{"width":950,"height":1513,"url":"https:\/\/www.dagartech.com\/pt\/wp-content\/uploads\/sites\/6\/2024\/12\/Dagartech_Grupos-electrogenos-personalizados.png","type":"image\/png"}],"author":"iroyo","twitter_card":"summary_large_image","twitter_creator":"@dagartech","twitter_site":"@dagartech","twitter_misc":{"Escrito por":"iroyo","Tempo estimado de leitura":"5 minutos"},"schema":{"@context":"https:\/\/schema.org","@graph":[{"@type":["WebPage","ItemPage"],"@id":"https:\/\/www.dagartech.com\/pt\/actualidad\/racoes-grupo-gerador-por-medida\/","url":"https:\/\/www.dagartech.com\/pt\/actualidad\/racoes-grupo-gerador-por-medida\/","name":"Por que escolher um grupo gerador personalizado | Dagartech","isPartOf":{"@id":"https:\/\/www.dagartech.com\/pt\/#website"},"primaryImageOfPage":{"@id":"https:\/\/www.dagartech.com\/pt\/actualidad\/racoes-grupo-gerador-por-medida\/#primaryimage"},"image":{"@id":"https:\/\/www.dagartech.com\/pt\/actualidad\/racoes-grupo-gerador-por-medida\/#primaryimage"},"thumbnailUrl":"https:\/\/www.dagartech.com\/pt\/wp-content\/uploads\/sites\/6\/2024\/12\/Dagartech_Grupos-electrogenos-personalizados.png","datePublished":"2024-10-03T18:00:25+00:00","dateModified":"2024-12-12T19:06:07+00:00","author":{"@id":"https:\/\/www.dagartech.com\/pt\/#\/schema\/person\/e56ff9c257c0eb9a5d84334a7798a39e"},"description":"Descobre 5 raz\u00f5es chave para escolher um grupo gerador personalizado. Aumente a efici\u00eancia e a flexibilidade do seu projeto sob medida.","breadcrumb":{"@id":"https:\/\/www.dagartech.com\/pt\/actualidad\/racoes-grupo-gerador-por-medida\/#breadcrumb"},"inLanguage":"pt-PT","potentialAction":[{"@type":"ReadAction","target":["https:\/\/www.dagartech.com\/pt\/actualidad\/racoes-grupo-gerador-por-medida\/"]}]},{"@type":"ImageObject","inLanguage":"pt-PT","@id":"https:\/\/www.dagartech.com\/pt\/actualidad\/racoes-grupo-gerador-por-medida\/#primaryimage","url":"https:\/\/www.dagartech.com\/pt\/wp-content\/uploads\/sites\/6\/2024\/12\/Dagartech_Grupos-electrogenos-personalizados.png","contentUrl":"https:\/\/www.dagartech.com\/pt\/wp-content\/uploads\/sites\/6\/2024\/12\/Dagartech_Grupos-electrogenos-personalizados.png","width":950,"height":1513,"caption":"Grupos geradores por medida"},{"@type":"BreadcrumbList","@id":"https:\/\/www.dagartech.com\/pt\/actualidad\/racoes-grupo-gerador-por-medida\/#breadcrumb","itemListElement":[{"@type":"ListItem","position":1,"name":"Portada","item":"https:\/\/www.dagartech.com\/pt\/"},{"@type":"ListItem","position":2,"name":"5 raz\u00f5es para escolher um grupo gerador personalizado"}]},{"@type":"WebSite","@id":"https:\/\/www.dagartech.com\/pt\/#website","url":"https:\/\/www.dagartech.com\/pt\/","name":"Dagartech","description":"Somos fabricantes de Grupos Electr\u00f3genos. M\u00e1ximos est\u00e1ndares de Calidad. Elevada Fiabilidad y Seguridad. Nos adaptamos a las necesidades de cada proyecto.","potentialAction":[{"@type":"SearchAction","target":{"@type":"EntryPoint","urlTemplate":"https:\/\/www.dagartech.com\/pt\/?s={search_term_string}"},"query-input":"required name=search_term_string"}],"inLanguage":"pt-PT"},{"@type":"Person","@id":"https:\/\/www.dagartech.com\/pt\/#\/schema\/person\/e56ff9c257c0eb9a5d84334a7798a39e","name":"iroyo","image":{"@type":"ImageObject","inLanguage":"pt-PT","@id":"https:\/\/www.dagartech.com\/pt\/#\/schema\/person\/image\/","url":"https:\/\/secure.gravatar.com\/avatar\/fde49a271e09dc9daebd217d87143f31?s=96&d=mm&r=g","contentUrl":"https:\/\/secure.gravatar.com\/avatar\/fde49a271e09dc9daebd217d87143f31?s=96&d=mm&r=g","caption":"iroyo"},"sameAs":["http:\/\/www.dagartech.com"]}]}},"_links":{"self":[{"href":"https:\/\/www.dagartech.com\/pt\/wp-json\/wp\/v2\/posts\/7660"}],"collection":[{"href":"https:\/\/www.dagartech.com\/pt\/wp-json\/wp\/v2\/posts"}],"about":[{"href":"https:\/\/www.dagartech.com\/pt\/wp-json\/wp\/v2\/types\/post"}],"author":[{"embeddable":true,"href":"https:\/\/www.dagartech.com\/pt\/wp-json\/wp\/v2\/users\/8"}],"replies":[{"embeddable":true,"href":"https:\/\/www.dagartech.com\/pt\/wp-json\/wp\/v2\/comments?post=7660"}],"version-history":[{"count":4,"href":"https:\/\/www.dagartech.com\/pt\/wp-json\/wp\/v2\/posts\/7660\/revisions"}],"predecessor-version":[{"id":7680,"href":"https:\/\/www.dagartech.com\/pt\/wp-json\/wp\/v2\/posts\/7660\/revisions\/7680"}],"wp:featuredmedia":[{"embeddable":true,"href":"https:\/\/www.dagartech.com\/pt\/wp-json\/wp\/v2\/media\/7677"}],"wp:attachment":[{"href":"https:\/\/www.dagartech.com\/pt\/wp-json\/wp\/v2\/media?parent=7660"}],"wp:term":[{"taxonomy":"category","embeddable":true,"href":"https:\/\/www.dagartech.com\/pt\/wp-json\/wp\/v2\/categories?post=7660"},{"taxonomy":"post_tag","embeddable":true,"href":"https:\/\/www.dagartech.com\/pt\/wp-json\/wp\/v2\/tags?post=7660"}],"curies":[{"name":"wp","href":"https:\/\/api.w.org\/{rel}","templated":true}]}}