{"id":1922,"date":"2023-10-25T06:26:57","date_gmt":"2023-10-25T04:26:57","guid":{"rendered":"https:\/\/www.dagartech.com\/blog\/la-importancia-de-las-protecciones-en-los-grupos-electrogenos\/"},"modified":"2024-09-12T08:48:01","modified_gmt":"2024-09-12T06:48:01","slug":"a-importancia-das-protecoes-nos-grupos-eletrogenos","status":"publish","type":"post","link":"https:\/\/www.dagartech.com\/pt\/atualidade\/a-importancia-das-protecoes-em-geradores-de-energia\/","title":{"rendered":"A import\u00e2ncia das prote\u00e7\u00f5es nos grupos geradores"},"content":{"rendered":"<div id=\"ez-toc-container\" class=\"ez-toc-v2_0_68_1 counter-hierarchy ez-toc-counter ez-toc-grey ez-toc-container-direction\">\n<div class=\"ez-toc-title-container\">\n<p class=\"ez-toc-title \" >&Iacute;ndice<\/p>\n<span class=\"ez-toc-title-toggle\"><a href=\"#\" class=\"ez-toc-pull-right ez-toc-btn ez-toc-btn-xs ez-toc-btn-default ez-toc-toggle\" aria-label=\"Toggle Table of Content\"><span class=\"ez-toc-js-icon-con\"><span class=\"\"><span class=\"eztoc-hide\" style=\"display:none;\">Toggle<\/span><span class=\"ez-toc-icon-toggle-span\"><svg style=\"fill: #999;color:#999\" xmlns=\"http:\/\/www.w3.org\/2000\/svg\" class=\"list-377408\" width=\"20px\" height=\"20px\" viewBox=\"0 0 24 24\" fill=\"none\"><path d=\"M6 6H4v2h2V6zm14 0H8v2h12V6zM4 11h2v2H4v-2zm16 0H8v2h12v-2zM4 16h2v2H4v-2zm16 0H8v2h12v-2z\" fill=\"currentColor\"><\/path><\/svg><svg style=\"fill: #999;color:#999\" class=\"arrow-unsorted-368013\" xmlns=\"http:\/\/www.w3.org\/2000\/svg\" width=\"10px\" height=\"10px\" viewBox=\"0 0 24 24\" version=\"1.2\" baseProfile=\"tiny\"><path d=\"M18.2 9.3l-6.2-6.3-6.2 6.3c-.2.2-.3.4-.3.7s.1.5.3.7c.2.2.4.3.7.3h11c.3 0 .5-.1.7-.3.2-.2.3-.5.3-.7s-.1-.5-.3-.7zM5.8 14.7l6.2 6.3 6.2-6.3c.2-.2.3-.5.3-.7s-.1-.5-.3-.7c-.2-.2-.4-.3-.7-.3h-11c-.3 0-.5.1-.7.3-.2.2-.3.5-.3.7s.1.5.3.7z\"\/><\/svg><\/span><\/span><\/span><\/a><\/span><\/div>\n<nav><ul class='ez-toc-list ez-toc-list-level-1 ' ><li class='ez-toc-page-1 ez-toc-heading-level-3'><a class=\"ez-toc-link ez-toc-heading-1\" href=\"https:\/\/www.dagartech.com\/pt\/atualidade\/a-importancia-das-protecoes-em-geradores-de-energia\/#Protecoes_eletricas_nos_grupos_geradores\" title=\"Prote\u00e7\u00f5es el\u00e9tricas nos grupos geradores\">Prote\u00e7\u00f5es el\u00e9tricas nos grupos geradores<\/a><\/li><li class='ez-toc-page-1 ez-toc-heading-level-3'><a class=\"ez-toc-link ez-toc-heading-2\" href=\"https:\/\/www.dagartech.com\/pt\/atualidade\/a-importancia-das-protecoes-em-geradores-de-energia\/#Protecoes_mecanicas_nos_geradores\" title=\"Prote\u00e7\u00f5es mec\u00e2nicas nos geradores\">Prote\u00e7\u00f5es mec\u00e2nicas nos geradores<\/a><ul class='ez-toc-list-level-4' ><li class='ez-toc-heading-level-4'><a class=\"ez-toc-link ez-toc-heading-3\" href=\"https:\/\/www.dagartech.com\/pt\/atualidade\/a-importancia-das-protecoes-em-geradores-de-energia\/#Necessita_de_um_grupo_gerador_aberto_ou_insonorizado\" title=\"Necessita de um grupo gerador aberto ou insonorizado?\">Necessita de um grupo gerador aberto ou insonorizado?<\/a><\/li><\/ul><\/li><li class='ez-toc-page-1 ez-toc-heading-level-3'><a class=\"ez-toc-link ez-toc-heading-4\" href=\"https:\/\/www.dagartech.com\/pt\/atualidade\/a-importancia-das-protecoes-em-geradores-de-energia\/#Dagartech_especialistas_no_fabrico_de_grupos_geradores_a_medida\" title=\"Dagartech, especialistas no fabrico de grupos geradores \u00e0 medida\">Dagartech, especialistas no fabrico de grupos geradores \u00e0 medida<\/a><\/li><\/ul><\/nav><\/div>\n<ul>\n<li ><span ><span ><span ><span ><span Roboto Medium';\"><span >Os grupos geradores s\u00e3o essenciais para garantir um fornecimento constante de energia el\u00e9trica em caso de falhas ou interrup\u00e7\u00f5es na rede.<\/span><\/span><\/span><\/span><\/span><\/span><\/li>\n<li ><span ><span ><span ><span ><span Roboto Medium';\"><span >As prote\u00e7\u00f5es dos grupos geradores s\u00e3o fundamentais para evitar falhas nos equipamentos, prolongar a sua vida \u00fatil e garantir a seguran\u00e7a e sa\u00fade das pessoas.<\/span><\/span><\/span><\/span><\/span><\/span><\/li>\n<\/ul>\n<p ><span ><span ><span ><span >Devido \u00e0 sua capacidade de assegurar o fornecimento de energia em infraestruturas de todos os tipos, os grupos geradores desempenham um papel fundamental no curso di\u00e1rio das nossas vidas.<\/span><\/span><\/span><\/span><\/p>\n<p ><span ><span ><span ><span >S\u00e3o respons\u00e1veis pelo fornecimento de eletricidade a zonas sem acesso \u00e0 rede ou por assegurar um fornecimento constante antes de falhas na rede, o que \u00e9 especialmente cr\u00edtico em aplica\u00e7\u00f5es em que a manuten\u00e7\u00e3o da seguran\u00e7a, das comunica\u00e7\u00f5es ou da atividade \u00e9 uma prioridade. Estamos a falar de hospitais, centros de dados, grandes ind\u00fastrias ou espa\u00e7os p\u00fablicos, entre outros.<\/span><\/span><\/span><\/span><\/p>\n<p ><span ><span ><span ><b><span >Para que o funcionamento destes equipamentos decorra nas melhores condi\u00e7\u00f5es<\/span><\/b><span >, \u00e9 necess\u00e1rio aplicar e incorporar uma s\u00e9rie de <b>prote\u00e7\u00f5es aos geradores<\/b> que, por um lado, protegem a m\u00e1quina e, por outro, <b>os seus utilizadores<\/b>.<\/span><\/span><\/span><\/span><\/p>\n<p ><span ><span ><span ><span >Quando falamos de prote\u00e7\u00f5es em grupos geradores, estamos a referir-nos a m\u00faltiplas vari\u00e1veis. Fazendo uma simples aproxima\u00e7\u00e3o, falamos de <b>prote\u00e7\u00f5es<\/b> de tipo <b>el\u00e9trico<\/b> e de tipo <b>mec\u00e2nico<\/b>.<\/span><\/span><\/span><\/span><\/p>\n<h3><span class=\"ez-toc-section\" id=\"Protecoes_eletricas_nos_grupos_geradores\"><\/span><span >Prote\u00e7\u00f5es el\u00e9tricas nos grupos geradores<\/span><span class=\"ez-toc-section-end\"><\/span><\/h3>\n<p ><span ><span ><span ><b><span >Eliminar os riscos de car\u00e1ter el\u00e9trico<\/span><\/b><span > associado \u00e0 utiliza\u00e7\u00e3o do gerador \u00e9 um dos aspetos mais cr\u00edticos, devido ao seu impacto na seguran\u00e7a das pessoas que podem entrar em contacto com o equipamento. Ao mesmo tempo, ter\u00e1 um impacto positivo na durabilidade e no bom funcionamento da m\u00e1quina.<\/span><\/span><\/span><\/span><\/p>\n<p ><span ><span ><span ><span >A norma EN 60204-1 relativa \u00e0 Seguran\u00e7a de M\u00e1quinas estabelece os requisitos de seguran\u00e7a el\u00e9trica para m\u00e1quinas e pain\u00e9is el\u00e9tricos. Esta norma fornece presun\u00e7\u00e3o de conformidade com a Diretiva Relativa a M\u00e1quinas 2006\/42\/CE e a Diretiva de Baixa Tens\u00e3o LVD 2006\/95\/CE.<\/span><\/span><\/span><\/span><\/p>\n<p ><span ><span ><span ><span >A norma aplica-se aos requisitos que afetam a conce\u00e7\u00e3o da parte el\u00e9trica de uma m\u00e1quina e a interliga\u00e7\u00e3o com a instala\u00e7\u00e3o el\u00e9trica de baixa tens\u00e3o. Imp\u00f5e tamb\u00e9m uma s\u00e9rie de requisitos em termos de testes e documenta\u00e7\u00e3o.<\/span><\/span><\/span><\/span><\/p>\n<p ><span ><span ><span ><span >Concentrando-nos no essencial, devemos fornecer: <\/span><\/span><\/span><\/span><\/p>\n<ul >\n<li ><span ><span ><span ><b><span >Prote\u00e7\u00e3o equipotencial. <\/span><\/b><span >Todos os componentes met\u00e1licos est\u00e3o ligados entre si ao terminal de liga\u00e7\u00e3o \u00e0 terra de prote\u00e7\u00e3o principal, de modo a que as prote\u00e7\u00f5es el\u00e9tricas do equipamento assegurem a passagem da corrente atrav\u00e9s do sistema de liga\u00e7\u00e3o \u00e0 terra em caso de deriva\u00e7\u00e3o ou fuga durante o funcionamento do gerador.<\/span><\/span><\/span><\/span><\/li>\n<\/ul>\n<ul >\n<li ><span ><span ><span ><b><span >Isolamento el\u00e9trico. <\/span><\/b><span >O gerador deve assegurar um elevado isolamento das partes sob tens\u00e3o do grupo gerador, ou seja, das partes sob tens\u00e3o, e das partes n\u00e3o ativas ou met\u00e1licas acess\u00edveis ao utilizador.<\/span><\/span><\/span><\/span><\/li>\n<\/ul>\n<p ><span ><span ><span ><span >Por outro lado, todos os grupos geradores est\u00e3o equipados com prote\u00e7\u00f5es espec\u00edficas para reduzir os <b>danos resultantes de defeitos internos ou externos<\/b> ao pr\u00f3prio gerador, tal como indicado na Instru\u00e7\u00e3o T\u00e9cnica ITC-BT-40 das instala\u00e7\u00f5es de geradores de baixa tens\u00e3o. As prote\u00e7\u00f5es m\u00ednimas, que podem ser alargadas pelos fabricantes conforme considerem adequado para reduzir esses danos, s\u00e3o as seguintes:<\/span><\/span><\/span><\/span><\/p>\n<ul >\n<li ><span ><span ><span ><b><span >Prote\u00e7\u00f5es de sobreintensidade.<\/span><\/b><span > O circuito est\u00e1 protegido contra os efeitos das sobreintensidades que possam ocorrer, interrompendo o circuito num momento adequado ou dimensionando-o para as sobreintensidades previs\u00edveis. As sobreintensidades podem ser motivadas por <b>sobrecargas<\/b> devido aos aparelhos de utiliza\u00e7\u00e3o ou a <b>defeitos de isolamento<\/b> de grande imped\u00e2ncia, a <b>curto-circuitos<\/b> ou a <b>descargas el\u00e9tricas<\/b> atmosf\u00e9ricas. Podem ser combatidas atrav\u00e9s de disjuntores omnipolares ou rel\u00e9s diretos.<\/span><\/span><\/span><\/span><\/li>\n<\/ul>\n<ul >\n<li ><span ><span ><span ><b><span >Prote\u00e7\u00f5es de sobretens\u00e3o<\/span><\/b><span >, ligadas entre uma fase e o neutro, e cuja atua\u00e7\u00e3o deve ocorrer num tempo inferior a 0,5 segundos, a partir do momento em que a tens\u00e3o atinge 110% do seu valor atribu\u00eddo.<\/span><\/span><\/span><\/span><\/li>\n<\/ul>\n<ul >\n<li ><span ><span ><span ><b><span >Prote\u00e7\u00f5es de tens\u00e3o m\u00ednima <\/span><\/b><span >instant\u00e2neas, ligadas entre as tr\u00eas fases e o neutro, e que atuam em menos de 0,5 segundos ap\u00f3s a tens\u00e3o atingir 85% do seu valor nominal.<\/span><\/span><\/span><\/span><\/li>\n<\/ul>\n<ul >\n<li ><span ><span ><span ><b><span >Prote\u00e7\u00f5es de frequ\u00eancia m\u00e1xima e m\u00ednima<\/span><\/b><span >, ligadas entre fases, e cuja atua\u00e7\u00e3o deve ocorrer quando a frequ\u00eancia \u00e9 inferior a 49 Hz ou superior a 51 Hz durante mais de 5 per\u00edodos.<\/span><\/span><\/span><\/span><\/li>\n<\/ul>\n<p>&nbsp;<\/p>\n<h3><span class=\"ez-toc-section\" id=\"Protecoes_mecanicas_nos_geradores\"><\/span><span >Prote\u00e7\u00f5es mec\u00e2nicas nos geradores<\/span><span class=\"ez-toc-section-end\"><\/span><\/h3>\n<p ><span ><span ><span ><span >As <b>prote\u00e7\u00f5es mec\u00e2nicas b\u00e1sicas<\/b> que um grupo gerador deve incluir s\u00e3o as dirigidas \u00e0 prote\u00e7\u00e3o do utilizador. Estamos a falar de evitar danos devido a entalamento ou queimaduras, fundamentalmente.<\/span><\/span><\/span><\/span><\/p>\n<p ><span ><span ><span ><span >No entanto, as prote\u00e7\u00f5es mec\u00e2nicas dos grupos geradores v\u00e3o mais longe, afetando, de forma inequ\u00edvoca, a <b>vida \u00fatil do gerador<\/b>. O seu isolamento do p\u00f3 e da sujidade, bem como da humidade e, por conseguinte, da corros\u00e3o, ser\u00e1 essencial para evitar a deteriora\u00e7\u00e3o prematura.<\/span><\/span><\/span><\/span><\/p>\n<p ><span ><span ><span ><span >Do seu lado, a incorpora\u00e7\u00e3o de <b>elementos isolantes<\/b> e a <b>ventila\u00e7\u00e3o<\/b> desempenhar\u00e3o um papel importante neste sentido.<\/span><\/span><\/span><\/span><\/p>\n<p ><span ><span ><span ><span >A este respeito, um componente importante na prote\u00e7\u00e3o do grupo dos grupos geradores \u00e9 o <\/span><a  href=\"https:\/\/www.dagartech.com\/es\/noticias\/que-papel-juegan-las-envolventes-de-los-grupos-electrogenos-en-la-mitigacion-del-ruido\"><b><span >componente envolvente<\/span><\/b><\/a><span >. A sua inclus\u00e3o no \u00e2mbito do fornecimento da m\u00e1quina depender\u00e1 do local de instala\u00e7\u00e3o da m\u00e1quina. <\/span><\/span><\/span><\/span><\/p>\n<p ><span ><span ><span ><span >Os locais ao ar livre e os ambientes poeirentos, h\u00famidos ou abrasivos exigem a utiliza\u00e7\u00e3o de can\u00f3pias. Nestes casos, falamos de <b>grupos geradores insonorizados. <\/b><\/span><\/span><\/span><\/span><\/p>\n<p ><span ><span Times New Roman',serif;\"><span lang=\"es\" ><span ><span ><span ><span >Outra vantagem dos revestimentos e elementos de isolamento \u00e9 a redu\u00e7\u00e3o significativa do ru\u00eddo do equipamento, um fator particularmente importante quando o equipamento est\u00e1 localizado perto de pessoas.<\/span><\/span><\/span><\/span><\/span><\/span><\/span><\/p>\n<h4><span class=\"ez-toc-section\" id=\"Necessita_de_um_grupo_gerador_aberto_ou_insonorizado\"><\/span><span >Necessita de um grupo gerador aberto ou insonorizado?<\/span><span class=\"ez-toc-section-end\"><\/span><\/h4>\n<p><a href=\"https:\/\/www.dagartech.com\/wp-content\/uploads\/2023\/10\/Dagartech_Infografia_Protecciones-grupos-electrogenos.png\" target=\"_blank\" rel=\"noopener\"><img loading=\"lazy\" decoding=\"async\" class=\"alignnone wp-image-2881 size-large\" src=\"https:\/\/www.dagartech.com\/pt\/wp-content\/uploads\/sites\/6\/2023\/10\/Dagartech_Infografia_Protecciones-grupos-electrogenos-733x1024.png\" alt=\"Infografia sobre Prote\u00e7\u00f5es em Grupos Geradores\" width=\"733\" height=\"1024\" srcset=\"https:\/\/www.dagartech.com\/pt\/wp-content\/uploads\/sites\/6\/2023\/10\/Dagartech_Infografia_Protecciones-grupos-electrogenos-733x1024.png 733w, https:\/\/www.dagartech.com\/pt\/wp-content\/uploads\/sites\/6\/2023\/10\/Dagartech_Infografia_Protecciones-grupos-electrogenos-215x300.png 215w, https:\/\/www.dagartech.com\/pt\/wp-content\/uploads\/sites\/6\/2023\/10\/Dagartech_Infografia_Protecciones-grupos-electrogenos-768x1073.png 768w, https:\/\/www.dagartech.com\/pt\/wp-content\/uploads\/sites\/6\/2023\/10\/Dagartech_Infografia_Protecciones-grupos-electrogenos-1100x1536.png 1100w, https:\/\/www.dagartech.com\/pt\/wp-content\/uploads\/sites\/6\/2023\/10\/Dagartech_Infografia_Protecciones-grupos-electrogenos-600x838.png 600w, https:\/\/www.dagartech.com\/pt\/wp-content\/uploads\/sites\/6\/2023\/10\/Dagartech_Infografia_Protecciones-grupos-electrogenos.png 1250w\" sizes=\"(max-width: 733px) 100vw, 733px\" \/><\/a><\/p>\n<hr \/>\n<h3><span class=\"ez-toc-section\" id=\"Dagartech_especialistas_no_fabrico_de_grupos_geradores_a_medida\"><\/span><span >Dagartech, especialistas no fabrico de grupos geradores \u00e0 medida<\/span><span class=\"ez-toc-section-end\"><\/span><\/h3>\n<p>A Dagartech \u00e9 uma empresa espanhola especializada em oferecer solu\u00e7\u00f5es energ\u00e9ticas \u00e0 medida. Destaca-se por promover projetos \u00fanicos que requerem n\u00edveis m\u00e1ximos de personaliza\u00e7\u00e3o, bem como por conceber, fabricar e comercializar uma vasta gama de refer\u00eancias standard para grupos geradores com pot\u00eancias compreendidas entre os 3 kVA e os 2000 kVA. Caracterizada por uma forte orienta\u00e7\u00e3o para as necessidades dos seus clientes, a Dagartech consolidou-se como um dos principais fabricantes no mercado espanhol. Atualmente, a empresa tem uma presen\u00e7a est\u00e1vel em mais de 30 pa\u00edses, sendo as exporta\u00e7\u00f5es a maior parte da sua atividade. Qualidade e excel\u00eancia fazem parte do seu presente e marcam o seu futuro, o que significa que a empresa est\u00e1 certificada quanto ao cumprimento dos requisitos da norma ISO 9001:2015.<\/p>\n","protected":false},"excerpt":{"rendered":"<p>Outra vantagem dos revestimentos e elementos de isolamento \u00e9 a redu\u00e7\u00e3o significativa do ru\u00eddo do equipamento, um fator particularmente importante quando o equipamento est\u00e1 localizado perto de pessoas. Necessita de um grupo gerador aberto ou insonorizado? Dagartech, especialistas no fabrico de grupos geradores \u00e0 medida A Dagartech \u00e9 uma empresa espanhola especializada em oferecer solu\u00e7\u00f5es [&hellip;]<\/p>\n","protected":false},"author":1,"featured_media":2882,"comment_status":"open","ping_status":"open","sticky":false,"template":"","format":"standard","meta":{"_acf_changed":false,"footnotes":""},"categories":[290],"tags":[300,301],"class_list":["post-1922","post","type-post","status-publish","format-standard","has-post-thumbnail","hentry","category-artigo-tecnico","tag-protecoes","tag-protecoes-em-grupos-eletrogenos"],"acf":[],"yoast_head":"<!-- This site is optimized with the Yoast SEO plugin v23.1 - https:\/\/yoast.com\/wordpress\/plugins\/seo\/ -->\n<title>A import\u00e2ncia das prote\u00e7\u00f5es nos grupos eletr\u00f3genos<\/title>\n<meta name=\"description\" content=\"Descubra a import\u00e2ncia das protec\u00e7\u00f5es el\u00e9ctricas e mec\u00e2nicas nos grupos electrog\u00e9neos para evitar falhas, garantir a seguran\u00e7a e cumprir os regulamentos.\" \/>\n<meta name=\"robots\" content=\"index, follow, max-snippet:-1, max-image-preview:large, max-video-preview:-1\" \/>\n<link rel=\"canonical\" href=\"https:\/\/www.dagartech.com\/pt\/atualidade\/a-importancia-das-protecoes-em-geradores-de-energia\/\" \/>\n<meta property=\"og:locale\" content=\"pt_PT\" \/>\n<meta property=\"og:type\" content=\"article\" \/>\n<meta property=\"og:title\" content=\"A import\u00e2ncia das prote\u00e7\u00f5es nos grupos eletr\u00f3genos\" \/>\n<meta property=\"og:description\" content=\"Descubra a import\u00e2ncia das protec\u00e7\u00f5es el\u00e9ctricas e mec\u00e2nicas nos grupos electrog\u00e9neos para evitar falhas, garantir a seguran\u00e7a e cumprir os regulamentos.\" \/>\n<meta property=\"og:url\" content=\"https:\/\/www.dagartech.com\/pt\/atualidade\/a-importancia-das-protecoes-em-geradores-de-energia\/\" \/>\n<meta property=\"og:site_name\" content=\"Dagartech PT\" \/>\n<meta property=\"article:publisher\" content=\"https:\/\/www.facebook.com\/dagartech\/\" \/>\n<meta property=\"article:published_time\" content=\"2023-10-25T04:26:57+00:00\" \/>\n<meta property=\"article:modified_time\" content=\"2024-09-12T06:48:01+00:00\" \/>\n<meta property=\"og:image\" content=\"https:\/\/www.dagartech.com\/pt\/wp-content\/uploads\/sites\/6\/2023\/10\/Dagartech_Protecciones-grupos-electrogenos.jpg\" \/>\n\t<meta property=\"og:image:width\" content=\"972\" \/>\n\t<meta property=\"og:image:height\" content=\"1548\" \/>\n\t<meta property=\"og:image:type\" content=\"image\/jpeg\" \/>\n<meta name=\"author\" content=\"numericco\" \/>\n<meta name=\"twitter:card\" content=\"summary_large_image\" \/>\n<meta name=\"twitter:creator\" content=\"@dagartech\" \/>\n<meta name=\"twitter:site\" content=\"@dagartech\" \/>\n<meta name=\"twitter:label1\" content=\"Escrito por\" \/>\n\t<meta name=\"twitter:data1\" content=\"numericco\" \/>\n\t<meta name=\"twitter:label2\" content=\"Tempo estimado de leitura\" \/>\n\t<meta name=\"twitter:data2\" content=\"6 minutos\" \/>\n<script type=\"application\/ld+json\" class=\"yoast-schema-graph\">{\"@context\":\"https:\/\/schema.org\",\"@graph\":[{\"@type\":[\"WebPage\",\"ItemPage\"],\"@id\":\"https:\/\/www.dagartech.com\/pt\/atualidade\/a-importancia-das-protecoes-em-geradores-de-energia\/\",\"url\":\"https:\/\/www.dagartech.com\/pt\/atualidade\/a-importancia-das-protecoes-em-geradores-de-energia\/\",\"name\":\"A import\u00e2ncia das prote\u00e7\u00f5es nos grupos eletr\u00f3genos\",\"isPartOf\":{\"@id\":\"https:\/\/www.dagartech.com\/pt\/#website\"},\"primaryImageOfPage\":{\"@id\":\"https:\/\/www.dagartech.com\/pt\/atualidade\/a-importancia-das-protecoes-em-geradores-de-energia\/#primaryimage\"},\"image\":{\"@id\":\"https:\/\/www.dagartech.com\/pt\/atualidade\/a-importancia-das-protecoes-em-geradores-de-energia\/#primaryimage\"},\"thumbnailUrl\":\"https:\/\/www.dagartech.com\/pt\/wp-content\/uploads\/sites\/6\/2023\/10\/Dagartech_Protecciones-grupos-electrogenos.jpg\",\"datePublished\":\"2023-10-25T04:26:57+00:00\",\"dateModified\":\"2024-09-12T06:48:01+00:00\",\"author\":{\"@id\":\"https:\/\/www.dagartech.com\/pt\/#\/schema\/person\/e61735c882c3506c21fad346a001f140\"},\"description\":\"Descubra a import\u00e2ncia das protec\u00e7\u00f5es el\u00e9ctricas e mec\u00e2nicas nos grupos electrog\u00e9neos para evitar falhas, garantir a seguran\u00e7a e cumprir os regulamentos.\",\"breadcrumb\":{\"@id\":\"https:\/\/www.dagartech.com\/pt\/atualidade\/a-importancia-das-protecoes-em-geradores-de-energia\/#breadcrumb\"},\"inLanguage\":\"pt-PT\",\"potentialAction\":[{\"@type\":\"ReadAction\",\"target\":[\"https:\/\/www.dagartech.com\/pt\/atualidade\/a-importancia-das-protecoes-em-geradores-de-energia\/\"]}]},{\"@type\":\"ImageObject\",\"inLanguage\":\"pt-PT\",\"@id\":\"https:\/\/www.dagartech.com\/pt\/atualidade\/a-importancia-das-protecoes-em-geradores-de-energia\/#primaryimage\",\"url\":\"https:\/\/www.dagartech.com\/pt\/wp-content\/uploads\/sites\/6\/2023\/10\/Dagartech_Protecciones-grupos-electrogenos.jpg\",\"contentUrl\":\"https:\/\/www.dagartech.com\/pt\/wp-content\/uploads\/sites\/6\/2023\/10\/Dagartech_Protecciones-grupos-electrogenos.jpg\",\"width\":972,\"height\":1548,\"caption\":\"Dagartech Protecciones grupos electrogenos\"},{\"@type\":\"BreadcrumbList\",\"@id\":\"https:\/\/www.dagartech.com\/pt\/atualidade\/a-importancia-das-protecoes-em-geradores-de-energia\/#breadcrumb\",\"itemListElement\":[{\"@type\":\"ListItem\",\"position\":1,\"name\":\"Portada\",\"item\":\"https:\/\/www.dagartech.com\/pt\/\"},{\"@type\":\"ListItem\",\"position\":2,\"name\":\"A import\u00e2ncia das prote\u00e7\u00f5es nos grupos geradores\"}]},{\"@type\":\"WebSite\",\"@id\":\"https:\/\/www.dagartech.com\/pt\/#website\",\"url\":\"https:\/\/www.dagartech.com\/pt\/\",\"name\":\"Dagartech\",\"description\":\"Somos fabricantes de Grupos Electr\u00f3genos. M\u00e1ximos est\u00e1ndares de Calidad. Elevada Fiabilidad y Seguridad. Nos adaptamos a las necesidades de cada proyecto.\",\"potentialAction\":[{\"@type\":\"SearchAction\",\"target\":{\"@type\":\"EntryPoint\",\"urlTemplate\":\"https:\/\/www.dagartech.com\/pt\/?s={search_term_string}\"},\"query-input\":\"required name=search_term_string\"}],\"inLanguage\":\"pt-PT\"},{\"@type\":\"Person\",\"@id\":\"https:\/\/www.dagartech.com\/pt\/#\/schema\/person\/e61735c882c3506c21fad346a001f140\",\"name\":\"numericco\",\"image\":{\"@type\":\"ImageObject\",\"inLanguage\":\"pt-PT\",\"@id\":\"https:\/\/www.dagartech.com\/pt\/#\/schema\/person\/image\/\",\"url\":\"https:\/\/secure.gravatar.com\/avatar\/fa6339fb6084f1b870a59af35cc70e7b?s=96&d=mm&r=g\",\"contentUrl\":\"https:\/\/secure.gravatar.com\/avatar\/fa6339fb6084f1b870a59af35cc70e7b?s=96&d=mm&r=g\",\"caption\":\"numericco\"}}]}<\/script>\n<!-- \/ Yoast SEO plugin. -->","yoast_head_json":{"title":"A import\u00e2ncia das prote\u00e7\u00f5es nos grupos eletr\u00f3genos","description":"Descubra a import\u00e2ncia das protec\u00e7\u00f5es el\u00e9ctricas e mec\u00e2nicas nos grupos electrog\u00e9neos para evitar falhas, garantir a seguran\u00e7a e cumprir os regulamentos.","robots":{"index":"index","follow":"follow","max-snippet":"max-snippet:-1","max-image-preview":"max-image-preview:large","max-video-preview":"max-video-preview:-1"},"canonical":"https:\/\/www.dagartech.com\/pt\/atualidade\/a-importancia-das-protecoes-em-geradores-de-energia\/","og_locale":"pt_PT","og_type":"article","og_title":"A import\u00e2ncia das prote\u00e7\u00f5es nos grupos eletr\u00f3genos","og_description":"Descubra a import\u00e2ncia das protec\u00e7\u00f5es el\u00e9ctricas e mec\u00e2nicas nos grupos electrog\u00e9neos para evitar falhas, garantir a seguran\u00e7a e cumprir os regulamentos.","og_url":"https:\/\/www.dagartech.com\/pt\/atualidade\/a-importancia-das-protecoes-em-geradores-de-energia\/","og_site_name":"Dagartech PT","article_publisher":"https:\/\/www.facebook.com\/dagartech\/","article_published_time":"2023-10-25T04:26:57+00:00","article_modified_time":"2024-09-12T06:48:01+00:00","og_image":[{"width":972,"height":1548,"url":"https:\/\/www.dagartech.com\/pt\/wp-content\/uploads\/sites\/6\/2023\/10\/Dagartech_Protecciones-grupos-electrogenos.jpg","type":"image\/jpeg"}],"author":"numericco","twitter_card":"summary_large_image","twitter_creator":"@dagartech","twitter_site":"@dagartech","twitter_misc":{"Escrito por":"numericco","Tempo estimado de leitura":"6 minutos"},"schema":{"@context":"https:\/\/schema.org","@graph":[{"@type":["WebPage","ItemPage"],"@id":"https:\/\/www.dagartech.com\/pt\/atualidade\/a-importancia-das-protecoes-em-geradores-de-energia\/","url":"https:\/\/www.dagartech.com\/pt\/atualidade\/a-importancia-das-protecoes-em-geradores-de-energia\/","name":"A import\u00e2ncia das prote\u00e7\u00f5es nos grupos eletr\u00f3genos","isPartOf":{"@id":"https:\/\/www.dagartech.com\/pt\/#website"},"primaryImageOfPage":{"@id":"https:\/\/www.dagartech.com\/pt\/atualidade\/a-importancia-das-protecoes-em-geradores-de-energia\/#primaryimage"},"image":{"@id":"https:\/\/www.dagartech.com\/pt\/atualidade\/a-importancia-das-protecoes-em-geradores-de-energia\/#primaryimage"},"thumbnailUrl":"https:\/\/www.dagartech.com\/pt\/wp-content\/uploads\/sites\/6\/2023\/10\/Dagartech_Protecciones-grupos-electrogenos.jpg","datePublished":"2023-10-25T04:26:57+00:00","dateModified":"2024-09-12T06:48:01+00:00","author":{"@id":"https:\/\/www.dagartech.com\/pt\/#\/schema\/person\/e61735c882c3506c21fad346a001f140"},"description":"Descubra a import\u00e2ncia das protec\u00e7\u00f5es el\u00e9ctricas e mec\u00e2nicas nos grupos electrog\u00e9neos para evitar falhas, garantir a seguran\u00e7a e cumprir os regulamentos.","breadcrumb":{"@id":"https:\/\/www.dagartech.com\/pt\/atualidade\/a-importancia-das-protecoes-em-geradores-de-energia\/#breadcrumb"},"inLanguage":"pt-PT","potentialAction":[{"@type":"ReadAction","target":["https:\/\/www.dagartech.com\/pt\/atualidade\/a-importancia-das-protecoes-em-geradores-de-energia\/"]}]},{"@type":"ImageObject","inLanguage":"pt-PT","@id":"https:\/\/www.dagartech.com\/pt\/atualidade\/a-importancia-das-protecoes-em-geradores-de-energia\/#primaryimage","url":"https:\/\/www.dagartech.com\/pt\/wp-content\/uploads\/sites\/6\/2023\/10\/Dagartech_Protecciones-grupos-electrogenos.jpg","contentUrl":"https:\/\/www.dagartech.com\/pt\/wp-content\/uploads\/sites\/6\/2023\/10\/Dagartech_Protecciones-grupos-electrogenos.jpg","width":972,"height":1548,"caption":"Dagartech Protecciones grupos electrogenos"},{"@type":"BreadcrumbList","@id":"https:\/\/www.dagartech.com\/pt\/atualidade\/a-importancia-das-protecoes-em-geradores-de-energia\/#breadcrumb","itemListElement":[{"@type":"ListItem","position":1,"name":"Portada","item":"https:\/\/www.dagartech.com\/pt\/"},{"@type":"ListItem","position":2,"name":"A import\u00e2ncia das prote\u00e7\u00f5es nos grupos geradores"}]},{"@type":"WebSite","@id":"https:\/\/www.dagartech.com\/pt\/#website","url":"https:\/\/www.dagartech.com\/pt\/","name":"Dagartech","description":"Somos fabricantes de Grupos Electr\u00f3genos. M\u00e1ximos est\u00e1ndares de Calidad. Elevada Fiabilidad y Seguridad. Nos adaptamos a las necesidades de cada proyecto.","potentialAction":[{"@type":"SearchAction","target":{"@type":"EntryPoint","urlTemplate":"https:\/\/www.dagartech.com\/pt\/?s={search_term_string}"},"query-input":"required name=search_term_string"}],"inLanguage":"pt-PT"},{"@type":"Person","@id":"https:\/\/www.dagartech.com\/pt\/#\/schema\/person\/e61735c882c3506c21fad346a001f140","name":"numericco","image":{"@type":"ImageObject","inLanguage":"pt-PT","@id":"https:\/\/www.dagartech.com\/pt\/#\/schema\/person\/image\/","url":"https:\/\/secure.gravatar.com\/avatar\/fa6339fb6084f1b870a59af35cc70e7b?s=96&d=mm&r=g","contentUrl":"https:\/\/secure.gravatar.com\/avatar\/fa6339fb6084f1b870a59af35cc70e7b?s=96&d=mm&r=g","caption":"numericco"}}]}},"_links":{"self":[{"href":"https:\/\/www.dagartech.com\/pt\/wp-json\/wp\/v2\/posts\/1922"}],"collection":[{"href":"https:\/\/www.dagartech.com\/pt\/wp-json\/wp\/v2\/posts"}],"about":[{"href":"https:\/\/www.dagartech.com\/pt\/wp-json\/wp\/v2\/types\/post"}],"author":[{"embeddable":true,"href":"https:\/\/www.dagartech.com\/pt\/wp-json\/wp\/v2\/users\/1"}],"replies":[{"embeddable":true,"href":"https:\/\/www.dagartech.com\/pt\/wp-json\/wp\/v2\/comments?post=1922"}],"version-history":[{"count":6,"href":"https:\/\/www.dagartech.com\/pt\/wp-json\/wp\/v2\/posts\/1922\/revisions"}],"predecessor-version":[{"id":7623,"href":"https:\/\/www.dagartech.com\/pt\/wp-json\/wp\/v2\/posts\/1922\/revisions\/7623"}],"wp:featuredmedia":[{"embeddable":true,"href":"https:\/\/www.dagartech.com\/pt\/wp-json\/wp\/v2\/media\/2882"}],"wp:attachment":[{"href":"https:\/\/www.dagartech.com\/pt\/wp-json\/wp\/v2\/media?parent=1922"}],"wp:term":[{"taxonomy":"category","embeddable":true,"href":"https:\/\/www.dagartech.com\/pt\/wp-json\/wp\/v2\/categories?post=1922"},{"taxonomy":"post_tag","embeddable":true,"href":"https:\/\/www.dagartech.com\/pt\/wp-json\/wp\/v2\/tags?post=1922"}],"curies":[{"name":"wp","href":"https:\/\/api.w.org\/{rel}","templated":true}]}}